{"id":258,"date":"2019-02-27T16:23:58","date_gmt":"2019-02-27T14:23:58","guid":{"rendered":"http:\/\/www.gebrauchtwagen-neuautos.de\/news\/?p=258"},"modified":"2019-02-27T16:23:58","modified_gmt":"2019-02-27T14:23:58","slug":"gebrauchtwagen-kauf-diesel-noch-ratsam","status":"publish","type":"post","link":"https:\/\/www.gebrauchtwagen-neuautos.de\/news\/gebrauchtwagen-kauf-diesel-noch-ratsam\/","title":{"rendered":"Gebrauchtwagen-Kauf: Diesel noch ratsam?"},"content":{"rendered":"ANZEIGE - <p>Aktuell dreht sich alles um den Diesel, wenn auch nicht im positiven Sinne. Fahrverbote in Innenst\u00e4dten werden weiter diskutiert, der VW-Skandal zu dieser Entwicklung ma\u00dfgeblich beigetragen. Was bedeutet das nun konkret f\u00fcr potenzielle K\u00e4ufer?<\/p>\n<p><!--more--><\/p>\n<h2>Verlierer auf allen Seiten \u2013 Entsch\u00e4digungen als Hoffnung<\/h2>\n<p>Der Abgas-Skandal hat gro\u00dfe Wellen geschlagen, vollst\u00e4ndig bereinigt ist die Aff\u00e4re noch lange nicht. Betroffene Verbraucher hoffen darauf, per <a href=\"https:\/\/www.myright.de\/abgasskandal-dieselskandal\/sammelklage-vw\">Sammelklage VW<\/a> zu einer Entsch\u00e4digung zwingen zu k\u00f6nnen. Organisatorische Unterst\u00fctzung gibt es aus dem Internet: Die Plattform myright.de, bekannt f\u00fcr die Abwicklung von Rechtsfragen gegen Provision, ist aktiv geworden und bietet Interessenten an, den Fall kostenlos pr\u00fcfen zu lassen.<\/p>\n<p>F\u00fcr den Einzelnen k\u00f6nnten entstandene Sch\u00e4den dadurch zumindest abgemildert werden. Doch unabh\u00e4ngig vom Ausgang des kommenden Verfahrens stellt sich die \u00fcbergeordnete Frage, wie der Diesel an sich k\u00fcnftig zu sehen ist. Kritiker sehen die Technologie als l\u00e4ngst \u00fcberholt an, gerade vor dem Hintergrund von Klimawende und Umweltbewusstsein. Andererseits muss ein Wandel dieser Gr\u00f6\u00dfenordnung sozialvertr\u00e4glich und praxistauglich vollzogen werden, was bei einem Innenstadt-Verbot nicht der Fall w\u00e4re.<\/p>\n<p>Die aktuelle Lage setzt neben Privatbesitzern auch die Branche unter Druck. So haben Diesel-PKWs mit starken Wertverlusten zu k\u00e4mpfen, H\u00e4ndler bleiben auf ihrem Bestand sitzen, Leasing-R\u00fcckl\u00e4ufer lassen sich kaum wie geplant weiter verwerten. Spontan ins Leben gerufene Ma\u00dfnahmen wie Umtauschpr\u00e4mien sind da ein \u00e4u\u00dferst schwaches Gegengewicht.<\/p>\n<h2>Diesel bleibt brisantes Thema<\/h2>\n<p>Immerhin sind die vielerorts bef\u00fcrchteten Fahrverbote bislang keine Realit\u00e4t. Und in den meisten St\u00e4dten soll dies auf absehbare Zeit auch so bleiben, etwa <a href=\"https:\/\/www.autobild.de\/artikel\/diesel-urteil-infos-zu-fahrverboten-13288503.html\">in M\u00fcnchen und Wiesbaden<\/a>. Als derzeitige L\u00f6sung f\u00fcr betroffene Fahrzeuge wird zu Nachr\u00fcstungen geraten: Darauf einigte sich die Bundesregierung im Herbst 2018, allerdings gibt es weder von den Herstellern noch vom Staat finanzielle Unterst\u00fctzung f\u00fcr dieses kostspielige Verfahren. Es bleibt bislang folglich bei einer Idee, die zwar gut klingt, aber auf den Stra\u00dfen keine Anwendung findet. Das ist umso \u00e4rgerlicher, da die Umr\u00fcstsysteme <a href=\"https:\/\/www.adac.de\/rund-ums-fahrzeug\/abgas-diesel-fahrverbote\/dieselkauf-abgasnorm\/hardware-nachruestungen\/\">laut ADAC-Test eine sp\u00fcrbare Besserung bringen<\/a>.<\/p>\n<p>Doch die Kosten, die schnell bei 5.000 Euro oder mehr liegen, sind f\u00fcr viele Besitzer schlicht zu hoch. Sei es, weil es die Finanzlage nicht zul\u00e4sst, oder, weil es sich gemessen am Restwert des Fahrzeugs nicht lohnt, ist der Effekt letztendlich derselbe.<\/p>\n<p>So lange weiterhin Unklarheit auf allen Ebenen herrscht, sollte der Diesel-Kauf mit gro\u00dfer Vorsicht angegangen werden. Das gilt speziell f\u00fcr <a href=\"http:\/\/www.gebrauchtwagen-neuautos.de\/VW-Gebrauchtwagen\/\">Modelle der Marke Volkswagen<\/a>, da der Konzern selbst nach Bekanntwerden der Skandale kein gutes Bild in Sachen Bereinigung abgab. Neben Fragezeichen technischer Natur ist hierbei auch der Imageverlust zu bedenken, der die Wertentwicklung m\u00f6glicherweise auch in einigen Jahren noch beeintr\u00e4chtigen kann.<\/p>\n<p>Bild: \u00a9istock.com\/kaptnali<\/p>\n","protected":false},"excerpt":{"rendered":"<p>ANZEIGE &#8211; Aktuell dreht sich alles um den Diesel, wenn auch nicht im positiven Sinne. Fahrverbote in Innenst\u00e4dten werden weiter diskutiert, der VW-Skandal zu dieser Entwicklung ma\u00dfgeblich beigetragen. Was bedeutet das nun konkret f\u00fcr potenzielle K\u00e4ufer?<\/p>\n","protected":false},"author":1,"featured_media":259,"comment_status":"closed","ping_status":"closed","sticky":false,"template":"","format":"standard","meta":{"ep_exclude_from_search":false,"_jetpack_memberships_contains_paid_content":false,"footnotes":""},"categories":[1],"tags":[],"class_list":["post-258","post","type-post","status-publish","format-standard","has-post-thumbnail","hentry","category-allgemein"],"jetpack_featured_media_url":"https:\/\/www.gebrauchtwagen-neuautos.de\/news\/wp-content\/uploads\/2019\/02\/gebrauchtwagen-neuautos.de_.jpg","jetpack_sharing_enabled":true,"_links":{"self":[{"href":"https:\/\/www.gebrauchtwagen-neuautos.de\/news\/wp-json\/wp\/v2\/posts\/258","targetHints":{"allow":["GET"]}}],"collection":[{"href":"https:\/\/www.gebrauchtwagen-neuautos.de\/news\/wp-json\/wp\/v2\/posts"}],"about":[{"href":"https:\/\/www.gebrauchtwagen-neuautos.de\/news\/wp-json\/wp\/v2\/types\/post"}],"author":[{"embeddable":true,"href":"https:\/\/www.gebrauchtwagen-neuautos.de\/news\/wp-json\/wp\/v2\/users\/1"}],"replies":[{"embeddable":true,"href":"https:\/\/www.gebrauchtwagen-neuautos.de\/news\/wp-json\/wp\/v2\/comments?post=258"}],"version-history":[{"count":1,"href":"https:\/\/www.gebrauchtwagen-neuautos.de\/news\/wp-json\/wp\/v2\/posts\/258\/revisions"}],"predecessor-version":[{"id":260,"href":"https:\/\/www.gebrauchtwagen-neuautos.de\/news\/wp-json\/wp\/v2\/posts\/258\/revisions\/260"}],"wp:featuredmedia":[{"embeddable":true,"href":"https:\/\/www.gebrauchtwagen-neuautos.de\/news\/wp-json\/wp\/v2\/media\/259"}],"wp:attachment":[{"href":"https:\/\/www.gebrauchtwagen-neuautos.de\/news\/wp-json\/wp\/v2\/media?parent=258"}],"wp:term":[{"taxonomy":"category","embeddable":true,"href":"https:\/\/www.gebrauchtwagen-neuautos.de\/news\/wp-json\/wp\/v2\/categories?post=258"},{"taxonomy":"post_tag","embeddable":true,"href":"https:\/\/www.gebrauchtwagen-neuautos.de\/news\/wp-json\/wp\/v2\/tags?post=258"}],"curies":[{"name":"wp","href":"https:\/\/api.w.org\/{rel}","templated":true}]}}